{"id":998,"date":"2021-06-15T13:19:59","date_gmt":"2021-06-15T12:19:59","guid":{"rendered":"https:\/\/infinitom.ro\/?p=998"},"modified":"2021-10-13T16:17:45","modified_gmt":"2021-10-13T15:17:45","slug":"crearea-burselor-e-ams","status":"publish","type":"post","link":"https:\/\/infinitom.ro\/index.php\/2021\/06\/15\/crearea-burselor-e-ams\/","title":{"rendered":"Crearea burselor E-AMS"},"content":{"rendered":"\t\t<div data-elementor-type=\"wp-post\" data-elementor-id=\"998\" class=\"elementor elementor-998\">\n\t\t\t\t\t\t<section class=\"elementor-section elementor-top-section elementor-element elementor-element-9251bd8 elementor-section-boxed elementor-section-height-default elementor-section-height-default\" data-id=\"9251bd8\" data-element_type=\"section\">\n\t\t\t\t\t\t<div class=\"elementor-container elementor-column-gap-default\">\n\t\t\t\t\t<div class=\"elementor-column elementor-col-100 elementor-top-column elementor-element elementor-element-5cf7016\" data-id=\"5cf7016\" data-element_type=\"column\">\n\t\t\t<div class=\"elementor-widget-wrap elementor-element-populated\">\n\t\t\t\t\t\t<div class=\"elementor-element elementor-element-b41d8af elementor-widget elementor-widget-text-editor\" data-id=\"b41d8af\" data-element_type=\"widget\" data-widget_type=\"text-editor.default\">\n\t\t\t\t<div class=\"elementor-widget-container\">\n\t\t\t\t\t\t\t<p>Bursele \u201dExcelen\u021ba \u2013 Antrenarea Min\u021bilor Str\u0103lucite\u201d, un proiect ini\u021biat \u0219i organizat \u00een totalitate de Asocia\u021bia Infinit OM, cu inten\u021bia de a sus\u021bine excelen\u021ba \u00een r\u00e2ndul copiilor \u0219i al adolescen\u021bilor, s-a desf\u0103\u0219urat cu success \u00een perioada Iulie \u2013 Septembrie 2021.<\/p>\n<p>La baza lor st\u0103 dorin\u021ba de a sus\u021bine \u0219i r\u0103spl\u0103ti acei copii care au un poten\u021bial nativ extraordinar cu ghidajul c\u0103tre atingerea performan\u021bei pe calea pe care \u0219i-o aleg, o cale ce va sta fundament evolu\u021biei societ\u0103\u021bii.<\/p>\n<p>Bursele au fost oferite primilor 30 de elevi cu cele mai bune rezultate ob\u021binute la Evaluarea Na\u021bional\u0103 din Jude\u021bul D\u00e2mbovi\u021ba.<\/p>\n<p>Acestea au fost alc\u0103tuite din dou\u0103 etape principale.<\/p>\t\t\t\t\t\t<\/div>\n\t\t\t\t<\/div>\n\t\t\t\t<div class=\"elementor-element elementor-element-18ae577 elementor-widget elementor-widget-spacer\" data-id=\"18ae577\" data-element_type=\"widget\" data-widget_type=\"spacer.default\">\n\t\t\t\t<div class=\"elementor-widget-container\">\n\t\t\t\t\t<div class=\"elementor-spacer\">\n\t\t\t<div class=\"elementor-spacer-inner\"><\/div>\n\t\t<\/div>\n\t\t\t\t<\/div>\n\t\t\t\t<\/div>\n\t\t\t\t<div class=\"elementor-element elementor-element-5039506 elementor-widget elementor-widget-heading\" data-id=\"5039506\" data-element_type=\"widget\" data-widget_type=\"heading.default\">\n\t\t\t\t<div class=\"elementor-widget-container\">\n\t\t\t<h4 class=\"elementor-heading-title elementor-size-default\">Etapa I \u2013 Evaluarea inteligentelor multiple \u0219i a tr\u0103s\u0103turilor de personalitate (17-18 Iulie)<\/h4>\t\t<\/div>\n\t\t\t\t<\/div>\n\t\t\t\t<div class=\"elementor-element elementor-element-3eb948f elementor-widget elementor-widget-text-editor\" data-id=\"3eb948f\" data-element_type=\"widget\" data-widget_type=\"text-editor.default\">\n\t\t\t\t<div class=\"elementor-widget-container\">\n\t\t\t\t\t\t\t<p>Univers Fractal, partener al Asocia\u021biei Infinit OM faciliteaz\u0103 \u00een mod \u0219tiin\u021bific, obiectiv \u0219i rapid evaluarea individual\u0103 a inteligen\u021belor multiple, a tr\u0103s\u0103turilor de personalitate, raportul cuprinz\u00e2nd urm\u0103torii indicatori cu semnifica\u021bie psihologic\u0103 \u0219i practic\u0103 pentru ghidarea adolescentului \u00een alegerea c\u0103ii optime \u00een raport cu poten\u021bialele native:<\/p>\t\t\t\t\t\t<\/div>\n\t\t\t\t<\/div>\n\t\t\t\t<section class=\"elementor-section elementor-inner-section elementor-element elementor-element-0213dbb elementor-section-boxed elementor-section-height-default elementor-section-height-default\" data-id=\"0213dbb\" data-element_type=\"section\">\n\t\t\t\t\t\t<div class=\"elementor-container elementor-column-gap-default\">\n\t\t\t\t\t<div class=\"elementor-column elementor-col-33 elementor-inner-column elementor-element elementor-element-c3c85c5\" data-id=\"c3c85c5\" data-element_type=\"column\">\n\t\t\t<div class=\"elementor-widget-wrap elementor-element-populated\">\n\t\t\t\t\t\t<div class=\"elementor-element elementor-element-923c101 elementor-widget elementor-widget-text-editor\" data-id=\"923c101\" data-element_type=\"widget\" data-widget_type=\"text-editor.default\">\n\t\t\t\t<div class=\"elementor-widget-container\">\n\t\t\t\t\t\t\t<p><strong>Partea I &#8211; Evaluare inteligen\u021belor multiple:<\/strong><\/p><ul><li>Indicatori IQ (Inteligen\u021be cognitive)<\/li><li>Indicatori EQ (Inteligen\u021be emo\u021bionale)<\/li><li>Indicatori GQ (Inteligen\u021be gifted)<\/li><li>Indicatori SPQ (Inteligen\u021be de colaborare \u2013 echip\u0103)<\/li><li>Raportul calitativ (Inteligen\u021be personale)<\/li><\/ul>\t\t\t\t\t\t<\/div>\n\t\t\t\t<\/div>\n\t\t\t\t\t<\/div>\n\t\t<\/div>\n\t\t\t\t<div class=\"elementor-column elementor-col-33 elementor-inner-column elementor-element elementor-element-c3d0016\" data-id=\"c3d0016\" data-element_type=\"column\">\n\t\t\t<div class=\"elementor-widget-wrap elementor-element-populated\">\n\t\t\t\t\t\t<div class=\"elementor-element elementor-element-6ca4694 elementor-widget elementor-widget-text-editor\" data-id=\"6ca4694\" data-element_type=\"widget\" data-widget_type=\"text-editor.default\">\n\t\t\t\t<div class=\"elementor-widget-container\">\n\t\t\t\t\t\t\t<p><strong>Partea II \u2013 Evaluare pattern cognitiv<\/strong><\/p><ul><li>Diagrame emisfere cerebrale<\/li><li>Tipologii de g\u00e2ndire<\/li><li>Integrarea emisferelor cerebrale<\/li><li>Dominan\u021ba cerebral\u0103 \u0219i categoria senzorial\u0103<\/li><\/ul>\t\t\t\t\t\t<\/div>\n\t\t\t\t<\/div>\n\t\t\t\t\t<\/div>\n\t\t<\/div>\n\t\t\t\t<div class=\"elementor-column elementor-col-33 elementor-inner-column elementor-element elementor-element-2af629d\" data-id=\"2af629d\" data-element_type=\"column\">\n\t\t\t<div class=\"elementor-widget-wrap elementor-element-populated\">\n\t\t\t\t\t\t<div class=\"elementor-element elementor-element-59ad0a3 elementor-widget elementor-widget-text-editor\" data-id=\"59ad0a3\" data-element_type=\"widget\" data-widget_type=\"text-editor.default\">\n\t\t\t\t<div class=\"elementor-widget-container\">\n\t\t\t\t\t\t\t<p><strong>Partea III \u2013 Rapoarte de personalitate<\/strong><\/p><ul><li>Raport avansat de personalitate<\/li><li>Tipologia de personalitate<\/li><li>Propor\u021bia temperamental\u0103<\/li><li>Voca\u021bii poten\u021biale, voca\u021bia umbr\u0103<\/li><li>Abilit\u0103\u021bi, aptitudini, profilul profesional<\/li><li>Profil de activitate Raportul Eysenck<\/li><li>Rela\u021bia dintre propor\u021bia temperamental\u0103 \u0219i impulsivitate \u2013 emotivitate<\/li><li>Indicele de Ego<\/li><\/ul>\t\t\t\t\t\t<\/div>\n\t\t\t\t<\/div>\n\t\t\t\t\t<\/div>\n\t\t<\/div>\n\t\t\t\t\t<\/div>\n\t\t<\/section>\n\t\t\t\t<div class=\"elementor-element elementor-element-eb3dfe5 elementor-widget elementor-widget-text-editor\" data-id=\"eb3dfe5\" data-element_type=\"widget\" data-widget_type=\"text-editor.default\">\n\t\t\t\t<div class=\"elementor-widget-container\">\n\t\t\t\t\t\t\t<p>Prima etap\u0103 s-a desf\u0103\u0219urat cu succes, copiii \u0219i p\u0103rin\u021bii fiind impresiona\u021bi de multitudinea lucrurilor pe care le-au aflat despre ei \u00een\u0219i\u0219i din aceast\u0103 experien\u021b\u0103, dup\u0103 cum pute\u021bi vedea \u00een feedback-ul primit din partea lor.<\/p>\t\t\t\t\t\t<\/div>\n\t\t\t\t<\/div>\n\t\t\t\t<section class=\"elementor-section elementor-inner-section elementor-element elementor-element-1ea54c4 elementor-section-boxed elementor-section-height-default elementor-section-height-default\" data-id=\"1ea54c4\" data-element_type=\"section\">\n\t\t\t\t\t\t<div class=\"elementor-container elementor-column-gap-default\">\n\t\t\t\t\t<div class=\"elementor-column elementor-col-33 elementor-inner-column elementor-element elementor-element-0d2248f\" data-id=\"0d2248f\" data-element_type=\"column\">\n\t\t\t<div class=\"elementor-widget-wrap elementor-element-populated\">\n\t\t\t\t\t\t<div class=\"elementor-element elementor-element-69f6020 elementor-widget elementor-widget-testimonial\" data-id=\"69f6020\" data-element_type=\"widget\" data-widget_type=\"testimonial.default\">\n\t\t\t\t<div class=\"elementor-widget-container\">\n\t\t\t\t\t<div class=\"elementor-testimonial-wrapper\">\n\t\t\t\t\t\t\t<div class=\"elementor-testimonial-content\">Si eu v\u0103 mul\u021bumesc pentru aceast\u0103 experien\u021b\u0103.  \u0218tiu c\u0103 Rebeca a fost \u00eenc\u00e2ntat\u0103 de tot ceea  ce a descoperit \u00eempreun\u0103 cu dumneavoastr\u0103.<\/div>\n\t\t\t\n\t\t\t\t\t\t<div class=\"elementor-testimonial-meta elementor-has-image elementor-testimonial-image-position-aside\">\n\t\t\t\t<div class=\"elementor-testimonial-meta-inner\">\n\t\t\t\t\t\t\t\t\t\t\t<div class=\"elementor-testimonial-image\">\n\t\t\t\t\t\t\t<img fetchpriority=\"high\" decoding=\"async\" width=\"500\" height=\"500\" src=\"https:\/\/infinitom.ro\/wp-content\/uploads\/2021\/07\/1.jpg\" class=\"attachment-full size-full wp-image-962\" alt=\"\" srcset=\"https:\/\/infinitom.ro\/wp-content\/uploads\/2021\/07\/1.jpg 500w, https:\/\/infinitom.ro\/wp-content\/uploads\/2021\/07\/1-160x160.jpg 160w\" sizes=\"(max-width: 500px) 100vw, 500px\" \/>\t\t\t\t\t\t<\/div>\n\t\t\t\t\t\n\t\t\t\t\t\t\t\t\t\t<div class=\"elementor-testimonial-details\">\n\t\t\t\t\t\t\t\t\t\t\t\t\t\t<div class=\"elementor-testimonial-name\">Lumini\u021ba Sala<\/div>\n\t\t\t\t\t\t\t\t\t\t\t\t\t\t\t\t\t\t\t\t\t\t<div class=\"elementor-testimonial-job\">p\u0103rinte<\/div>\n\t\t\t\t\t\t\t\t\t\t\t\t\t<\/div>\n\t\t\t\t\t\t\t\t\t<\/div>\n\t\t\t<\/div>\n\t\t\t\t\t<\/div>\n\t\t\t\t<\/div>\n\t\t\t\t<\/div>\n\t\t\t\t\t<\/div>\n\t\t<\/div>\n\t\t\t\t<div class=\"elementor-column elementor-col-33 elementor-inner-column elementor-element elementor-element-8af7984\" data-id=\"8af7984\" data-element_type=\"column\">\n\t\t\t<div class=\"elementor-widget-wrap elementor-element-populated\">\n\t\t\t\t\t\t<div class=\"elementor-element elementor-element-006722b elementor-widget elementor-widget-testimonial\" data-id=\"006722b\" data-element_type=\"widget\" data-widget_type=\"testimonial.default\">\n\t\t\t\t<div class=\"elementor-widget-container\">\n\t\t\t\t\t<div class=\"elementor-testimonial-wrapper\">\n\t\t\t\t\t\t\t<div class=\"elementor-testimonial-content\">\u00cen numele Andreei v\u0103 mul\u021bumesc pentru ceea ce pentru ea a fost o experien\u021b\u0103 cu adev\u0103rat minunat\u0103! \u00cenc\u00e2ntat\u0103, z\u00e2mbitoare, mai ancorat\u0103 \u00een realitate, motivat\u0103 \u00een ceea ce \u0219i a propus s\u0103 realizeze... a\u0219a este Andreea la sf\u00e2r\u0219itul experien\u021bei pe care a tr\u0103it-o al\u0103turi de oameni frumo\u0219i. \ud83d\ude18<\/div>\n\t\t\t\n\t\t\t\t\t\t<div class=\"elementor-testimonial-meta elementor-has-image elementor-testimonial-image-position-aside\">\n\t\t\t\t<div class=\"elementor-testimonial-meta-inner\">\n\t\t\t\t\t\t\t\t\t\t\t<div class=\"elementor-testimonial-image\">\n\t\t\t\t\t\t\t<img decoding=\"async\" width=\"500\" height=\"500\" src=\"https:\/\/infinitom.ro\/wp-content\/uploads\/2021\/07\/3.jpg\" class=\"attachment-full size-full wp-image-961\" alt=\"\" srcset=\"https:\/\/infinitom.ro\/wp-content\/uploads\/2021\/07\/3.jpg 500w, https:\/\/infinitom.ro\/wp-content\/uploads\/2021\/07\/3-160x160.jpg 160w\" sizes=\"(max-width: 500px) 100vw, 500px\" \/>\t\t\t\t\t\t<\/div>\n\t\t\t\t\t\n\t\t\t\t\t\t\t\t\t\t<div class=\"elementor-testimonial-details\">\n\t\t\t\t\t\t\t\t\t\t\t\t\t\t<div class=\"elementor-testimonial-name\">Loredana Ciulei<\/div>\n\t\t\t\t\t\t\t\t\t\t\t\t\t\t\t\t\t\t\t\t\t\t<div class=\"elementor-testimonial-job\">p\u0103rinte<\/div>\n\t\t\t\t\t\t\t\t\t\t\t\t\t<\/div>\n\t\t\t\t\t\t\t\t\t<\/div>\n\t\t\t<\/div>\n\t\t\t\t\t<\/div>\n\t\t\t\t<\/div>\n\t\t\t\t<\/div>\n\t\t\t\t\t<\/div>\n\t\t<\/div>\n\t\t\t\t<div class=\"elementor-column elementor-col-33 elementor-inner-column elementor-element elementor-element-998e251\" data-id=\"998e251\" data-element_type=\"column\">\n\t\t\t<div class=\"elementor-widget-wrap elementor-element-populated\">\n\t\t\t\t\t\t<div class=\"elementor-element elementor-element-7ed9d35 elementor-widget elementor-widget-testimonial\" data-id=\"7ed9d35\" data-element_type=\"widget\" data-widget_type=\"testimonial.default\">\n\t\t\t\t<div class=\"elementor-widget-container\">\n\t\t\t\t\t<div class=\"elementor-testimonial-wrapper\">\n\t\t\t\t\t\t\t<div class=\"elementor-testimonial-content\">Irinei i-au pl\u0103cut cursurile. V\u0103 mul\u021bumim!<\/div>\n\t\t\t\n\t\t\t\t\t\t<div class=\"elementor-testimonial-meta elementor-has-image elementor-testimonial-image-position-aside\">\n\t\t\t\t<div class=\"elementor-testimonial-meta-inner\">\n\t\t\t\t\t\t\t\t\t\t\t<div class=\"elementor-testimonial-image\">\n\t\t\t\t\t\t\t<img decoding=\"async\" width=\"500\" height=\"500\" src=\"https:\/\/infinitom.ro\/wp-content\/uploads\/2021\/07\/2.jpg\" class=\"attachment-full size-full wp-image-960\" alt=\"\" srcset=\"https:\/\/infinitom.ro\/wp-content\/uploads\/2021\/07\/2.jpg 500w, https:\/\/infinitom.ro\/wp-content\/uploads\/2021\/07\/2-160x160.jpg 160w\" sizes=\"(max-width: 500px) 100vw, 500px\" \/>\t\t\t\t\t\t<\/div>\n\t\t\t\t\t\n\t\t\t\t\t\t\t\t\t\t<div class=\"elementor-testimonial-details\">\n\t\t\t\t\t\t\t\t\t\t\t\t\t\t<div class=\"elementor-testimonial-name\">Mircea Laz\u0103r<\/div>\n\t\t\t\t\t\t\t\t\t\t\t\t\t\t\t\t\t\t\t\t\t\t<div class=\"elementor-testimonial-job\">p\u0103rinte<\/div>\n\t\t\t\t\t\t\t\t\t\t\t\t\t<\/div>\n\t\t\t\t\t\t\t\t\t<\/div>\n\t\t\t<\/div>\n\t\t\t\t\t<\/div>\n\t\t\t\t<\/div>\n\t\t\t\t<\/div>\n\t\t\t\t\t<\/div>\n\t\t<\/div>\n\t\t\t\t\t<\/div>\n\t\t<\/section>\n\t\t\t\t<div class=\"elementor-element elementor-element-7f76ef7 elementor-widget elementor-widget-spacer\" data-id=\"7f76ef7\" data-element_type=\"widget\" data-widget_type=\"spacer.default\">\n\t\t\t\t<div class=\"elementor-widget-container\">\n\t\t\t\t\t<div class=\"elementor-spacer\">\n\t\t\t<div class=\"elementor-spacer-inner\"><\/div>\n\t\t<\/div>\n\t\t\t\t<\/div>\n\t\t\t\t<\/div>\n\t\t\t\t<div class=\"elementor-element elementor-element-1be0b5f elementor-widget elementor-widget-heading\" data-id=\"1be0b5f\" data-element_type=\"widget\" data-widget_type=\"heading.default\">\n\t\t\t\t<div class=\"elementor-widget-container\">\n\t\t\t<h4 class=\"elementor-heading-title elementor-size-default\">Etapa II \u2013 Programul de dezvoltare personal\u0103<\/h4>\t\t<\/div>\n\t\t\t\t<\/div>\n\t\t\t\t<div class=\"elementor-element elementor-element-c9544a2 elementor-widget elementor-widget-text-editor\" data-id=\"c9544a2\" data-element_type=\"widget\" data-widget_type=\"text-editor.default\">\n\t\t\t\t<div class=\"elementor-widget-container\">\n\t\t\t\t\t\t\t<p>Programul de dezvoltare personal\u0103 a fost alc\u0103tuit din 3 sesiuni de grup de 2 ore \u0219i 30 de minute, fiecare cu o tem\u0103 specific\u0103 (Comunicare, Rela\u021bionare \u0219i Leadership).<\/p><p>Copiii au fost \u00eemp\u0103r\u021bi\u021bi \u00een dou\u0103 grupe pentru ca fiecare s\u0103 primeasc\u0103 aten\u021bia necesar\u0103 \u0219i posibilitatea de a-\u0219i exprima punctul de vedere \u00eentr-un mediu de grup securizant.<\/p><p><strong>Obiectivele programului:<\/strong><\/p><ul><li>Dezvoltarea abilit\u0103\u021bii de rela\u021bionare<\/li><li>Consolidarea stimei de sine \u0219i crearea branding-ului personal<\/li><li>Dezvoltarea abilit\u0103\u021bilor de comunicare, negociere \u0219i leadership<\/li><li>Accesarea creativit\u0103\u021bii<\/li><li>Cultivarea capacit\u0103\u021bii de socializare<\/li><\/ul><div><span style=\"color: #1c1d1f;\">\u00cen articolele urm\u0103toare vei putea vedea cum s-au desf\u0103\u0219urat sesiunile din cadrul programului de dezvoltare personal\u0103 \u0219i cum ai fost ele tr\u0103ite de copii.\u00a0<\/span><\/div><p>\u00a0<\/p><p><b>Dac\u0103 dore\u0219ti s\u0103 sus\u021bii proiectul E-AMS \u00een etapele viitoare, po\u021bi afla cum printr-un click pe butonul din josul paginii. \u00cempreun\u0103 cre\u0103m schimbarea!<\/b><\/p>\t\t\t\t\t\t<\/div>\n\t\t\t\t<\/div>\n\t\t\t\t\t<\/div>\n\t\t<\/div>\n\t\t\t\t\t<\/div>\n\t\t<\/section>\n\t\t\t\t<\/div>\n\t\t","protected":false},"excerpt":{"rendered":"<p>Bursele \u201dExcelen\u021ba \u2013 Antrenarea Min\u021bilor Str\u0103lucite\u201d, un proiect ini\u021biat \u0219i organizat \u00een totalitate de Asocia\u021bia Infinit OM, cu inten\u021bia de a sus\u021bine excelen\u021ba \u00een r\u00e2ndul copiilor \u0219i al adolescen\u021bilor, s-a desf\u0103\u0219urat cu success \u00een perioada Iulie \u2013 Septembrie 2021. La baza lor st\u0103 dorin\u021ba de a sus\u021bine \u0219i r\u0103spl\u0103ti acei copii care au un poten\u021bial<\/p>\n","protected":false},"author":1,"featured_media":0,"comment_status":"open","ping_status":"closed","sticky":false,"template":"","format":"standard","meta":{"wds_primary_category":0,"footnotes":""},"categories":[6],"tags":[],"class_list":["post-998","post","type-post","status-publish","format-standard","hentry","category-e-ams"],"_links":{"self":[{"href":"https:\/\/infinitom.ro\/index.php\/wp-json\/wp\/v2\/posts\/998","targetHints":{"allow":["GET"]}}],"collection":[{"href":"https:\/\/infinitom.ro\/index.php\/wp-json\/wp\/v2\/posts"}],"about":[{"href":"https:\/\/infinitom.ro\/index.php\/wp-json\/wp\/v2\/types\/post"}],"author":[{"embeddable":true,"href":"https:\/\/infinitom.ro\/index.php\/wp-json\/wp\/v2\/users\/1"}],"replies":[{"embeddable":true,"href":"https:\/\/infinitom.ro\/index.php\/wp-json\/wp\/v2\/comments?post=998"}],"version-history":[{"count":7,"href":"https:\/\/infinitom.ro\/index.php\/wp-json\/wp\/v2\/posts\/998\/revisions"}],"predecessor-version":[{"id":1121,"href":"https:\/\/infinitom.ro\/index.php\/wp-json\/wp\/v2\/posts\/998\/revisions\/1121"}],"wp:attachment":[{"href":"https:\/\/infinitom.ro\/index.php\/wp-json\/wp\/v2\/media?parent=998"}],"wp:term":[{"taxonomy":"category","embeddable":true,"href":"https:\/\/infinitom.ro\/index.php\/wp-json\/wp\/v2\/categories?post=998"},{"taxonomy":"post_tag","embeddable":true,"href":"https:\/\/infinitom.ro\/index.php\/wp-json\/wp\/v2\/tags?post=998"}],"curies":[{"name":"wp","href":"https:\/\/api.w.org\/{rel}","templated":true}]}}